{"id":312,"date":"2015-03-26T19:56:24","date_gmt":"2015-03-26T19:56:24","guid":{"rendered":"http:\/\/mannfolk.fi\/?p=312"},"modified":"2015-03-26T19:56:24","modified_gmt":"2015-03-26T19:56:24","slug":"uskalla-yrittaa-vaga-forsoka","status":"publish","type":"post","link":"https:\/\/mannfolk.fi\/en\/blog\/2015\/03\/26\/uskalla-yrittaa-vaga-forsoka\/","title":{"rendered":"Uskalla yritt\u00e4\u00e4 \u2013 v\u00e5ga f\u00f6rs\u00f6ka"},"content":{"rendered":"<p>Publicerad i Svensk Framtid, April 2013<\/p>\n<p>Vi finl\u00e4ndare beskylls ofta f\u00f6r att inte vara f\u00f6retagsamma, f\u00f6r att v\u00e5r kultur inte omfamnar den s.k.<br \/>\nentrepren\u00f6rskapsandan, och f\u00f6r att vi helt enkelt inte v\u00e5gar ta risker. D\u00e5 vet ju vem som helst som<br \/>\nbes\u00f6kt \u00d6sterbotten att detta inte st\u00e4mmer. Samtidigt kan det dock konstateras att vi finl\u00e4ndare \u00e4r<br \/>\nbra p\u00e5 att f\u00f6resl\u00e5 f\u00f6r andra att de ska bli egenf\u00f6retagare, medan vi sj\u00e4lva (liksom undertecknad)<br \/>\nv\u00e4ljer stabilitet och s\u00e4kerhet framom risktagande. Man s\u00e4ger sig uppskatta f\u00f6retagare, men v\u00e5gar<br \/>\ninte sj\u00e4lv ge sig in p\u00e5 den linjen. F\u00f6rst\u00e5eligt, m\u00e5h\u00e4nda, med tanke p\u00e5 att det inte alltid varit enkelt att<br \/>\nvara egenf\u00f6retagare i Finland.<\/p>\n<p>Regeringens rambudgetria i mitten av mars kom dock med ett antal utm\u00e4rkta beslut f\u00f6r de finl\u00e4ndska<br \/>\nf\u00f6retagens och f\u00f6retagarnas framtid. Till exempel torde beskattningen av dividenderna leda till att<br \/>\ndet \u00e4r l\u00f6nsammare att investera i f\u00f6retag och utveckla deras verksamhet, vilket \u00f6kar behovet av<br \/>\nanst\u00e4llda, vilket i sin tur \u00f6kar syssels\u00e4ttningen i landet. \u00c4ven om \u00e5tg\u00e4rderna f\u00f6rst och fr\u00e4mst fr\u00e4mjar<br \/>\nredan etablerade f\u00f6retag, \u00e4r det en tydlig signal fr\u00e5n regeringen att man i Finland uppskattar<br \/>\nf\u00f6retagsamhet \u00f6verlag, och specifikt sm\u00e5 och medelstora f\u00f6retag.<\/p>\n<p>Den s\u00e4nkta samfundsskatten f\u00f6rb\u00e4ttrar ocks\u00e5 Finlands internationella konkurrenskraft, d\u00e5 det inte<br \/>\nl\u00e4ngre \u00e4r l\u00f6nsammare f\u00f6r finl\u00e4ndska f\u00f6retag att ha sina huvuds\u00e4ten i Sverige eller Estland. Samtidigt<br \/>\nuteblev den fruktade momsh\u00f6jningen som skulle ha g\u00e5tt h\u00e5rt \u00e5t just sm\u00e5 och medelstora f\u00f6retag.<\/p>\n<p>Det mest akuta hindret f\u00f6r f\u00f6retagsamhet i Finland har l\u00e4nge varit problematiken med att f\u00e5<br \/>\nfinansiering till b\u00e5de nya och etablerade sm\u00e5 och medelstora f\u00f6retag. Den globala finanskrisen<br \/>\nkopplad med l\u00e4rdomarna fr\u00e5n 90-talets l\u00e5gkonjunktur g\u00f6r att de finl\u00e4ndska bankerna fortfarande<br \/>\nundviker risker in i det sista, vilket har gjort det s\u00e5 gott som om\u00f6jligt f\u00f6r f\u00f6retag att beviljas bankl\u00e5n.<br \/>\n\u00c4ven detta problem tog regeringen st\u00e4llning till genom att \u00f6ka anslagen f\u00f6r b\u00e5de Tekes och<br \/>\nTeollisuussijoitus , s\u00e5 att f\u00f6retag som beh\u00f6ver kapital ska f\u00e5 det. <\/p>\n<p>\u00c4nd\u00e5 borde det inte vara staten och dess investeringsinstanser som st\u00e5r f\u00f6r risken. Investeringarna<br \/>\nborde komma fr\u00e5n privatpersoner, och &#8211; framf\u00f6r allt &#8211; fr\u00e5n utlandet. \u00c4ven om statsfinanserna inte<br \/>\nbara \u00e4r en statisk kaka som kan delas upp p\u00e5 ett visst s\u00e4tt, vore det nu l\u00e4ge f\u00f6r att ta till \u00e5tg\u00e4rder som<br \/>\nlockar ytterligare investerare till finl\u00e4ndska f\u00f6retag. \u00c5tg\u00e4rder som regressiv beskattning p\u00e5<br \/>\ninvesteringar eller skattefrihet f\u00f6r nya f\u00f6retags f\u00f6rsta investeringar \u00e4r utm\u00e4rkta exempel. <\/p>\n<p>Medan vi v\u00e4ntar p\u00e5 dem kan vi konstatera att finska staten idag uppskattar f\u00f6retagsamhet, och att<br \/>\ndiverse instanser st\u00f6der sm\u00e5 och medelstora f\u00f6retags str\u00e4van till att syssels\u00e4tta v\u00e5r befolkning.<br \/>\nPremisserna finns, nu \u00e4r det upp till oss att sluta vara konsumenter och bli producenter ist\u00e4llet. <\/p>\n<p>V\u00e5ga ta risken att starta eget, nu har du b\u00e4ttre m\u00f6jligheter \u00e4n n\u00e5gonsin att lyckas!<\/p>\n","protected":false},"excerpt":{"rendered":"<p>Publicerad i Svensk Framtid, April 2013 Vi finl\u00e4ndare beskylls ofta f\u00f6r att inte vara f\u00f6retagsamma, f\u00f6r att v\u00e5r kultur inte omfamnar den s.k. entrepren\u00f6rskapsandan, och f\u00f6r att vi helt enkelt inte v\u00e5gar ta risker. D\u00e5 vet ju vem som helst som bes\u00f6kt \u00d6sterbotten att detta inte st\u00e4mmer. Samtidigt kan det dock konstateras att vi finl\u00e4ndare [&hellip;]<\/p>\n","protected":false},"author":1,"featured_media":0,"comment_status":"closed","ping_status":"open","sticky":false,"template":"","format":"standard","meta":{"footnotes":""},"categories":[1],"tags":[],"class_list":["post-312","post","type-post","status-publish","format-standard","hentry","category-ei-kategoriaa"],"_links":{"self":[{"href":"https:\/\/mannfolk.fi\/en\/wp-json\/wp\/v2\/posts\/312","targetHints":{"allow":["GET"]}}],"collection":[{"href":"https:\/\/mannfolk.fi\/en\/wp-json\/wp\/v2\/posts"}],"about":[{"href":"https:\/\/mannfolk.fi\/en\/wp-json\/wp\/v2\/types\/post"}],"author":[{"embeddable":true,"href":"https:\/\/mannfolk.fi\/en\/wp-json\/wp\/v2\/users\/1"}],"replies":[{"embeddable":true,"href":"https:\/\/mannfolk.fi\/en\/wp-json\/wp\/v2\/comments?post=312"}],"version-history":[{"count":1,"href":"https:\/\/mannfolk.fi\/en\/wp-json\/wp\/v2\/posts\/312\/revisions"}],"predecessor-version":[{"id":313,"href":"https:\/\/mannfolk.fi\/en\/wp-json\/wp\/v2\/posts\/312\/revisions\/313"}],"wp:attachment":[{"href":"https:\/\/mannfolk.fi\/en\/wp-json\/wp\/v2\/media?parent=312"}],"wp:term":[{"taxonomy":"category","embeddable":true,"href":"https:\/\/mannfolk.fi\/en\/wp-json\/wp\/v2\/categories?post=312"},{"taxonomy":"post_tag","embeddable":true,"href":"https:\/\/mannfolk.fi\/en\/wp-json\/wp\/v2\/tags?post=312"}],"curies":[{"name":"wp","href":"https:\/\/api.w.org\/{rel}","templated":true}]}}